{"id":2316,"date":"2022-07-23T20:59:37","date_gmt":"2022-07-23T15:59:37","guid":{"rendered":"https:\/\/gruposrm.com\/web\/inicio\/?p=2316"},"modified":"2026-04-03T19:37:59","modified_gmt":"2026-04-03T14:37:59","slug":"hablemos-del-precio-de-los-stands-publicitarios","status":"publish","type":"post","link":"https:\/\/gruposrm.com\/web\/inicio\/hablemos-del-precio-de-los-stands-publicitarios\/","title":{"rendered":"Hablemos del precio de los stands publicitarios"},"content":{"rendered":"\n<p class=\"has-text-align-center\"> <img loading=\"lazy\" decoding=\"async\" width=\"500\" height=\"500\" class=\"wp-image-2319\" style=\"width: 500px;\" src=\"https:\/\/gruposrm.com\/web\/wp-content\/uploads\/ExpoStands-Vs-Stand-generico.jpg\" alt=\"Inversi\u00f3n o gasto en stands\"><\/p>\n\n\n\n<p><strong>\u00bfCu\u00e1nto cuesta un stand publicitario? Gu\u00eda para invertir bien en tu presencia de marca<\/strong><\/p>\n\n\n\n<p>Antes de hablar de precios, hay algo que vale la pena aclarar:&nbsp;<strong>todos nuestros displays publicitarios y muebles para stands est\u00e1n disponibles con precios, fichas t\u00e9cnicas, tiempos de fabricaci\u00f3n y costos de env\u00edo en&nbsp;<a href=\"http:\/\/www.tiendasrm.com\/\">TiendaSRM.com<\/a><\/strong>. Somos fabricantes con sede en Cota, Cundinamarca, y despachamos a todo el territorio nacional y a m\u00e1s de 20 pa\u00edses.<\/p>\n\n\n\n<p>Dicho esto, hablemos de lo que realmente importa: \u00bfpor qu\u00e9 hay tanta diferencia de precios en el mercado, y c\u00f3mo tomar la mejor decisi\u00f3n para tu empresa?<\/p>\n\n\n\n<hr class=\"wp-block-separator has-alpha-channel-opacity\"\/>\n\n\n\n<h2 class=\"wp-block-heading\">El mercado ofrece de todo \u2014 y eso puede ser un problema<\/h2>\n\n\n\n<p>En el mercado de mobiliario para stands (mesas, counters, backings, repisas, exhibidores\u2026) existe una dispersi\u00f3n de precios enorme.<br>Puedes encontrar desde soluciones de cart\u00f3n para un solo uso hasta sistemas modulares de aluminio dise\u00f1ados para durar a\u00f1os. Ninguna opci\u00f3n es universalmente mala o buena:\u00a0<strong>todo depende de para qu\u00e9 lo necesitas<\/strong>.<\/p>\n\n\n\n<hr class=\"wp-block-separator has-alpha-channel-opacity\"\/>\n\n\n\n<h2 class=\"wp-block-heading\">La pregunta clave: \u00bfinversi\u00f3n o gasto?<\/h2>\n\n\n\n<p>Esta distinci\u00f3n cambia completamente la forma de evaluar el precio de un stand.<\/p>\n\n\n\n<p><strong>Gasto<\/strong>&nbsp;es el esfuerzo econ\u00f3mico que no se recupera. No genera retorno; simplemente sale de la caja.<\/p>\n\n\n\n<p><strong>Inversi\u00f3n<\/strong>&nbsp;es el recurso que se destina a algo con la expectativa de obtener beneficios mayores en el mediano y largo plazo, al menor costo posible.<\/p>\n\n\n\n<p>Un stand puede ser cualquiera de las dos cosas \u2014 y eso no lo define el precio, sino el&nbsp;<strong>uso que le vayas a dar<\/strong>.<\/p>\n\n\n\n<p>Dicho de otra forma: un stand econ\u00f3mico que se usa una o dos veces y se descarta puede ser un gasto.<br>Uno m\u00e1s costoso que se usa durante tres a\u00f1os en cinco, diez, o m\u00e1s eventos distintos, que contribuye a cerrar negocios y posicionar tu marca, es una inversi\u00f3n que probablemente ya se pag\u00f3 sola desde el segundo evento.<\/p>\n\n\n\n<p>El error m\u00e1s com\u00fan es evaluar el precio de un stand de forma aislada, sin considerar su vida \u00fatil, su frecuencia de uso ni el impacto que tendr\u00e1 en la percepci\u00f3n de tu marca frente a clientes, aliados o prospectos.<br>El precio de etiqueta es solo el comienzo de la ecuaci\u00f3n. Lo que realmente importa es cu\u00e1nto te cuesta cada vez que lo usas.<\/p>\n\n\n\n<p>Una forma pr\u00e1ctica de verlo: si divides el costo total del stand entre el n\u00famero de eventos en los que lo usar\u00e1s, obtienes el&nbsp;<strong>costo real por uso<\/strong>. Ese n\u00famero suele ser mucho m\u00e1s revelador que el precio de etiqueta \u2014 y casi siempre favorece la inversi\u00f3n sobre el gasto recurrente.<\/p>\n\n\n\n<p>Entonces, antes de preguntar&nbsp;<em>\u00ab\u00bfcu\u00e1nto cuesta?\u00bb<\/em>, vale m\u00e1s preguntarse&nbsp;<em>\u00ab\u00bfcu\u00e1nto me va a rendir?\u00bb<\/em><\/p>\n\n\n\n<hr class=\"wp-block-separator has-alpha-channel-opacity\"\/>\n\n\n\n<h2 class=\"wp-block-heading\">\u00bfQu\u00e9 factores determinan el precio de un stand publicitario?<\/h2>\n\n\n\n<p>El costo final de un stand o display publicitario depende de m\u00faltiples variables:<\/p>\n\n\n\n<ul class=\"wp-block-list\">\n<li><strong>Materiales<\/strong>: desde cart\u00f3n reciclable hasta aluminio estructural de alta durabilidad<\/li>\n\n\n\n<li><strong>Calidad de fabricaci\u00f3n y acabados<\/strong>: no todos los sistemas lucen \u2014 ni duran \u2014 igual<\/li>\n\n\n\n<li><strong>Tipo de impresi\u00f3n gr\u00e1fica<\/strong>: vinilo, banner, tela o impresi\u00f3n mixta tienen costos y resultados diferentes<\/li>\n\n\n\n<li><strong>Accesorios<\/strong>: habladores, iluminaci\u00f3n LED, pantallas, tabletas, sistemas antirrobo<\/li>\n\n\n\n<li><strong>Complejidad del dise\u00f1o<\/strong>: sistemas simples vs. modulares configurables<\/li>\n\n\n\n<li><strong>Log\u00edstica y env\u00edo<\/strong>: peso, volumen y destino impactan el costo total del proyecto<\/li>\n<\/ul>\n\n\n\n<hr class=\"wp-block-separator has-alpha-channel-opacity\"\/>\n\n\n\n<h2 class=\"wp-block-heading\">\u00bfCu\u00e1ndo es suficiente un stand b\u00e1sico?<\/h2>\n\n\n\n<p>Si tu empresa participa de forma espor\u00e1dica en ferias o eventos, donde la presencia de marca importa m\u00e1s que la experiencia dentro del stand, quiz\u00e1s un porta banner y una mesa peque\u00f1a son todo lo que necesitas. En ese caso, elementos de materiales ef\u00edmeros o de bajo costo hacen sentido como gasto puntual.<\/p>\n\n\n\n<p>Pero antes de decidir, vale la pena preguntarse:<\/p>\n\n\n\n<ul class=\"wp-block-list\">\n<li>\u00bfC\u00f3mo quiero que perciban mi marca en ese espacio?<\/li>\n\n\n\n<li>\u00bfMe importa si mi stand se ve igual que el de todos los dem\u00e1s?<\/li>\n\n\n\n<li>\u00bfQu\u00e9 voy a comunicar, y c\u00f3mo quiero comunicarlo?<\/li>\n\n\n\n<li>\u00bfEl aspecto visual de mi stand dice algo sobre la calidad de mi producto o servicio?<\/li>\n<\/ul>\n\n\n\n<hr class=\"wp-block-separator has-alpha-channel-opacity\"\/>\n\n\n\n<h2 class=\"wp-block-heading\">\u00bfCu\u00e1ndo conviene invertir en un sistema de mayor calidad?<\/h2>\n\n\n\n<p>Si participas frecuentemente en ferias, expos, eventos corporativos o de negocios, y necesitas un espacio que comunique de forma diferenciada y contribuya directamente a tus resultados de venta, entonces est\u00e1s hablando de una&nbsp;<strong>inversi\u00f3n con ROI medible<\/strong>. En ese contexto, un sistema port\u00e1til, modular, duradero y est\u00e9ticamente cuidado no es un lujo \u2014 es una herramienta de trabajo.<\/p>\n\n\n\n<hr class=\"wp-block-separator has-alpha-channel-opacity\"\/>\n\n\n\n<h2 class=\"wp-block-heading\">\u00bfRentar o comprar un stand? Aqu\u00ed la diferencia es clara<\/h2>\n\n\n\n<p><strong>Conviene rentar cuando:<\/strong><\/p>\n\n\n\n<ul class=\"wp-block-list\">\n<li>No tienes personal disponible para armar y desmontar el sistema<\/li>\n\n\n\n<li>No cuentas con espacio de almacenamiento para elementos de gran formato<\/li>\n\n\n\n<li>El dise\u00f1o requiere piezas complejas, de gran tama\u00f1o o redise\u00f1o constante<\/li>\n\n\n\n<li>Participas en eventos internacionales donde la log\u00edstica de transporte hace inviable el traslado del material<\/li>\n<\/ul>\n\n\n\n<p><strong>Conviene adquirir cuando:<\/strong><\/p>\n\n\n\n<ul class=\"wp-block-list\">\n<li>El sistema es port\u00e1til, f\u00e1cil de armar y no requiere personal especializado<\/li>\n\n\n\n<li>Tienes equipo propio para el montaje y adecuaci\u00f3n<\/li>\n\n\n\n<li>Tu actividad en ferias y eventos es frecuente o permanente<\/li>\n<\/ul>\n\n\n\n<p>En nuestra visi\u00f3n:&nbsp;<strong>rentar es un gasto recurrente; comprar es una inversi\u00f3n que se amortiza<\/strong>. Aunque, como todo, tambi\u00e9n depende del contexto.<\/p>\n\n\n\n<hr class=\"wp-block-separator has-alpha-channel-opacity\"\/>\n\n\n\n<h2 class=\"wp-block-heading\">En resumen<\/h2>\n\n\n\n<p>No existe&nbsp;<em>el precio<\/em>&nbsp;de un stand publicitario porque no existe&nbsp;<em>el stand<\/em>&nbsp;universal. Lo que s\u00ed existe es la claridad sobre para qu\u00e9 lo necesitas, con qu\u00e9 frecuencia lo usar\u00e1s y qu\u00e9 quieres que diga de tu marca.<\/p>\n\n\n\n<p>Si quieres explorar opciones concretas con precios reales, fichas t\u00e9cnicas y posibilidad de compra directa, visita\u00a0<a href=\"http:\/\/www.tiendasrm.com\/\">TiendaSRM.com<\/a>. Si prefieres conversar primero, tambi\u00e9n estamos disponibles para asesorarte sin costo.<\/p>\n","protected":false},"excerpt":{"rendered":"<p>\u00bfCu\u00e1nto cuesta un stand publicitario? Gu\u00eda para invertir bien en tu presencia de marca Antes de hablar de precios, hay algo que vale la pena aclarar:&nbsp;todos nuestros displays publicitarios y muebles para stands est\u00e1n disponibles con precios, fichas t\u00e9cnicas, tiempos de fabricaci\u00f3n y costos de env\u00edo en&nbsp;TiendaSRM.com. Somos fabricantes con sede en Cota, Cundinamarca, y [&hellip;]<\/p>\n","protected":false},"author":2,"featured_media":0,"comment_status":"open","ping_status":"open","sticky":false,"template":"","format":"standard","meta":{"_et_pb_use_builder":"off","_et_pb_old_content":"<!-- wp:paragraph {\"align\":\"center\"} -->\n<p class=\"has-text-align-center\"> <img class=\"wp-image-2319\" style=\"width: 500px;\" src=\"https:\/\/gruposrm.com\/web\/wp-content\/uploads\/ExpoStands-Vs-Stand-generico.jpg\" alt=\"Inversi\u00f3n o gasto en stands\"><\/p>\n<!-- \/wp:paragraph -->\n\n<!-- wp:paragraph -->\n<p><em><strong>Ante todo, debes saber<\/strong><\/em> <em><strong>que todos nuestros displays publicitarios y muebles para stands los podr\u00e1s encontrar en nuestra tienda: <a type=\"URL\" id=\"http:\/\/www.TiendaSRM.com\" href=\"http:\/\/www.TiendaSRM.com\" target=\"_blank\" rel=\"noreferrer noopener\" class=\"ek-link\">www.TiendaSRM.com<\/a> , la cual es MUY completa y descriptiva: Precios actualizados, tiempos de fabricaci\u00f3n, costes adicionales (Dise\u00f1o gr\u00e1fico e impresi\u00f3n), costos de env\u00edo, ficha t\u00e9cnica, descripci\u00f3n del producto, etc.<\/strong><\/em><br><strong><em>Recuerda que somos fabricantes. Desde nuestra sede ubicada en Cota, Cundinamarca elaboramos sobre pedido y enviamos a todo el territorio nacional y a m\u00e1s de 20 pa\u00edses.<\/em><\/strong><\/p>\n<!-- \/wp:paragraph -->\n\n<!-- wp:paragraph -->\n<p>En cuando a los elementos de adecuaci\u00f3n y mobliliario para stands, como lo son mesas y counters, backings, repisas, etc se encuentra en el mercado una disparidad de precios. Lo que quieras, como quieras y de la calidad que prefieras.<\/p>\n<!-- \/wp:paragraph -->\n\n<!-- wp:paragraph -->\n<p>Es importante entender la funci\u00f3n del stand y qu\u00e9 se pretende hacer con \u00e9ste, durante cu\u00e1nto tiempo y a que grupo objetivo le pretendes \"hablar\". As\u00ed tambi\u00e9n una clara diferenciaci\u00f3n entre inversi\u00f3n o gasto.<\/p>\n<!-- \/wp:paragraph -->\n\n<!-- wp:paragraph -->\n<p><strong>Inversi\u00f3n o gasto:<\/strong><\/p>\n<!-- \/wp:paragraph -->\n\n<!-- wp:paragraph -->\n<p>Entendemos por gasto al esfuerzo monetario que no es recuperable, por lo que no est\u00e1 asociado a los ingresos de una empresa, sino con los egresos.<br>Inversi\u00f3n: La acci\u00f3n de invertir una cantidad de dinero, tiempo o esfuerzo en una cosa en procura de recibir mayores beneficios en el mediano y largo plazo, al menor coste posible.<\/p>\n<!-- \/wp:paragraph -->\n\n<!-- wp:paragraph -->\n<p>Habiendo dado un breve significado a estos dos t\u00e9rminos, podemos decir que en cuanto a los elementos de para adecuaci\u00f3n de stands, hay que entender y definir si su uso es puntual o si \u00e9ste se extender\u00e1 en el tiempo para cubrir otras varias actividades. en otras palabras si su stand tendr\u00e1 la clara funci\u00f3n y la idoneidad para lograr ese retorno de inversi\u00f3n o ROI.<\/p>\n<!-- \/wp:paragraph -->\n\n<!-- wp:paragraph -->\n<p><strong>Todo<\/strong> <strong>depende...<\/strong><\/p>\n<!-- \/wp:paragraph -->\n\n<!-- wp:paragraph -->\n<p>El precio del mobiliario para la adecuaci\u00f3n del stand depender\u00e1 de los detalles, materiales, calidad del trabajo, tipo de impresi\u00f3n, accesorios que le acompa\u00f1en, como habladores, aparatos tecnol\u00f3gicos, (Tv, tabletas, computadoras), sistemas de seguridad si se requieren, etc.<\/p>\n<!-- \/wp:paragraph -->\n\n<!-- wp:paragraph -->\n<p>Si las actividades empresariales son espor\u00e1dicas, b\u00e1sicas, en donde es m\u00e1s importante la presencia de marca que la actividad m\u00edsma a desarrollar en el stand, es probable que lo m\u00e1s com\u00fan sea adquirir elementos que por sus materiales ef\u00edmeros (para uno o pocos usos) sean de bajo costo, o elementos b\u00e1sicos como un porta banner o porta pend\u00f3n y una peque\u00f1a mesa sean suficientes.<br>La pregunta es: \u00bfC\u00f3mo quiere que sea esa presencia de la marca? \u00bfimporta si se vea algo com\u00fan, o como parte del paisaje?,  \u00bfc\u00f3mo quiere que le persiban?, \u00bfQu\u00e9 y c\u00f3mo va a comunicar? \u00bfSer\u00e1 importante su aspecto, sus detalles y acabados que al final de cuentas tambi\u00e9n hablar\u00e1n de su marca y del modo en el que se persibe su producto o servicio?<\/p>\n<!-- \/wp:paragraph -->\n\n<!-- wp:paragraph -->\n<p>Si en caso contrario, suele asistr permanentemente a ferias y eventos corporativos, de negocios y requiere elementos duraderos y est\u00e9ticamente preparados para comunicar de manera agradable y diferenciada, en donde el espacio mismo haga parte de la experiencia de venta y por ende tendr\u00e1 una insidencia directa en el ROI, es muy probable que su requerimiento sea una linea de producto con mayores prestancias de dise\u00f1o, calidad y funcionalidad.<\/p>\n<!-- \/wp:paragraph -->\n\n<!-- wp:paragraph -->\n<p>Debe tener en cuenta que hay muchos sistemas que st\u00e1n diponibles tanto para la renta como para la venta. En nuestro concepto, la renta equivale a un gasto, en tanto que la adquisici\u00f3n equivale a una inversi\u00f3n, pero esto tambi\u00e9n depender\u00e1 de varios factores as\u00ed:<\/p>\n<!-- \/wp:paragraph -->\n\n<!-- wp:paragraph -->\n<p>Se renta:<br>Si no cuenta con el recurso humano para llevar a cabo el montaje del sistema.<br>Si no cuenta con espacios para almacenar los elementos de gran tama\u00f1o cuando se encuentren en desuso.<br>Si el dise\u00f1o implica elementos complejos, de gran tama\u00f1o que requieran mano de obra especializada y procesos de redise\u00f1o constantes.<br>Si participa en eventos internacionales en donde por el dise\u00f1o y tama\u00f1o de los elemntos requeridos, la log\u00edsica y costo de transporte sean factores que ameritan esta opci\u00f3n.<\/p>\n<!-- \/wp:paragraph -->\n\n<!-- wp:paragraph -->\n<p>Se adquiere:<br>Cuando es sistema que se requiere es de f\u00e1cil transportaci\u00f3n, montaje, desmonte y no requiere personal capacitado para el proceso.<br>Si cuenta con recurso humano que pueda llevar a cabo el montaje y adecuaci\u00f3n del sistema.<br>Cuando la actividad es frecuente, <\/p>\n<!-- \/wp:paragraph -->","_et_gb_content_width":"1080","footnotes":""},"categories":[6],"tags":[],"class_list":["post-2316","post","type-post","status-publish","format-standard","hentry","category-stands-y-displays-publicitarios"],"_links":{"self":[{"href":"https:\/\/gruposrm.com\/web\/inicio\/wp-json\/wp\/v2\/posts\/2316","targetHints":{"allow":["GET"]}}],"collection":[{"href":"https:\/\/gruposrm.com\/web\/inicio\/wp-json\/wp\/v2\/posts"}],"about":[{"href":"https:\/\/gruposrm.com\/web\/inicio\/wp-json\/wp\/v2\/types\/post"}],"author":[{"embeddable":true,"href":"https:\/\/gruposrm.com\/web\/inicio\/wp-json\/wp\/v2\/users\/2"}],"replies":[{"embeddable":true,"href":"https:\/\/gruposrm.com\/web\/inicio\/wp-json\/wp\/v2\/comments?post=2316"}],"version-history":[{"count":17,"href":"https:\/\/gruposrm.com\/web\/inicio\/wp-json\/wp\/v2\/posts\/2316\/revisions"}],"predecessor-version":[{"id":5465,"href":"https:\/\/gruposrm.com\/web\/inicio\/wp-json\/wp\/v2\/posts\/2316\/revisions\/5465"}],"wp:attachment":[{"href":"https:\/\/gruposrm.com\/web\/inicio\/wp-json\/wp\/v2\/media?parent=2316"}],"wp:term":[{"taxonomy":"category","embeddable":true,"href":"https:\/\/gruposrm.com\/web\/inicio\/wp-json\/wp\/v2\/categories?post=2316"},{"taxonomy":"post_tag","embeddable":true,"href":"https:\/\/gruposrm.com\/web\/inicio\/wp-json\/wp\/v2\/tags?post=2316"}],"curies":[{"name":"wp","href":"https:\/\/api.w.org\/{rel}","templated":true}]}}